{"id":554,"date":"2016-06-08T17:03:29","date_gmt":"2016-06-08T16:03:29","guid":{"rendered":"http:\/\/masllach.com\/?p=554"},"modified":"2021-04-04T15:18:53","modified_gmt":"2021-04-04T14:18:53","slug":"sant-pere-despuig","status":"publish","type":"post","link":"http:\/\/masllach.com\/?p=554","title":{"rendered":"Sant Pere Despuig"},"content":{"rendered":"<p><a href=\"http:\/\/masllach.com\/wp-content\/uploads\/2016\/06\/IMG_0630.jpg\"><img decoding=\"async\" class=\" wp-image-559 aligncenter\" src=\"http:\/\/masllach.com\/wp-content\/uploads\/2016\/06\/IMG_0630-300x227.jpg\" alt=\"St.Pere Despuig1\" width=\"362\" height=\"274\" srcset=\"http:\/\/masllach.com\/wp-content\/uploads\/2016\/06\/IMG_0630-200x152.jpg 200w, http:\/\/masllach.com\/wp-content\/uploads\/2016\/06\/IMG_0630-300x227.jpg 300w, http:\/\/masllach.com\/wp-content\/uploads\/2016\/06\/IMG_0630-400x303.jpg 400w, http:\/\/masllach.com\/wp-content\/uploads\/2016\/06\/IMG_0630-600x455.jpg 600w, http:\/\/masllach.com\/wp-content\/uploads\/2016\/06\/IMG_0630-768x582.jpg 768w, http:\/\/masllach.com\/wp-content\/uploads\/2016\/06\/IMG_0630-800x606.jpg 800w, http:\/\/masllach.com\/wp-content\/uploads\/2016\/06\/IMG_0630-1024x776.jpg 1024w, http:\/\/masllach.com\/wp-content\/uploads\/2016\/06\/IMG_0630-1200x909.jpg 1200w, http:\/\/masllach.com\/wp-content\/uploads\/2016\/06\/IMG_0630.jpg 1699w\" sizes=\"(max-width: 362px) 100vw, 362px\" \/><\/a><\/p>\n<p>Sant Pere Despuig \u00e9s l&#8217;esgl\u00e8sia m\u00e9s pr\u00f2xima a casa nostra &#8211; Mas Llach, i per tant, tamb\u00e9 la m\u00e9s especial per a nosaltres; per aix\u00f2 \u00e9s la primera de la que us volem parlar.<\/p>\n<p><a href=\"http:\/\/masllach.com\/wp-content\/uploads\/2016\/06\/cami\u0301.jpg\"><img decoding=\"async\" class=\"size-medium wp-image-560 aligncenter\" src=\"http:\/\/masllach.com\/wp-content\/uploads\/2016\/06\/cami\u0301-300x253.jpg\" alt=\"cami\u0301\" width=\"300\" height=\"253\" srcset=\"http:\/\/masllach.com\/wp-content\/uploads\/2016\/06\/cami\u0301-200x169.jpg 200w, http:\/\/masllach.com\/wp-content\/uploads\/2016\/06\/cami\u0301-300x253.jpg 300w, http:\/\/masllach.com\/wp-content\/uploads\/2016\/06\/cami\u0301-400x338.jpg 400w, http:\/\/masllach.com\/wp-content\/uploads\/2016\/06\/cami\u0301-600x507.jpg 600w, http:\/\/masllach.com\/wp-content\/uploads\/2016\/06\/cami\u0301-768x648.jpg 768w, http:\/\/masllach.com\/wp-content\/uploads\/2016\/06\/cami\u0301-800x676.jpg 800w, http:\/\/masllach.com\/wp-content\/uploads\/2016\/06\/cami\u0301-1024x865.jpg 1024w, http:\/\/masllach.com\/wp-content\/uploads\/2016\/06\/cami\u0301-1200x1013.jpg 1200w, http:\/\/masllach.com\/wp-content\/uploads\/2016\/06\/cami\u0301.jpg 1735w\" sizes=\"(max-width: 300px) 100vw, 300px\" \/><\/a><\/p>\n<p>St. Pere est\u00e0 a 2 minuts a peu des de casa, est\u00e0 al cim d&#8217;un puig (d&#8217;un turonet), i \u00e9s una de les 7 parr\u00f2quies o esgl\u00e8sies rom\u00e0niques que trobareu a la <a href=\"http:\/\/www.valldebianya.com\/index.php\/ca\/\">Vall de Bianya<\/a>.<\/p>\n<p>Mentre feu cam\u00ed cap a l&#8217;esgl\u00e8sia i, sobretot si aneu amb petits\/es, podreu descobrir tresors d&#8217;un valor incalculable (vigileu butxaques i bosses&#8230; perqu\u00e8 la rentadora podria sortir-ne repercutida!! ^_^)<\/p>\n<p><a href=\"http:\/\/masllach.com\/wp-content\/uploads\/2016\/06\/tresors.jpg\"><img decoding=\"async\" class=\" wp-image-575 aligncenter\" src=\"http:\/\/masllach.com\/wp-content\/uploads\/2016\/06\/tresors-300x221.jpg\" alt=\"tresors\" width=\"406\" height=\"299\" srcset=\"http:\/\/masllach.com\/wp-content\/uploads\/2016\/06\/tresors-200x147.jpg 200w, http:\/\/masllach.com\/wp-content\/uploads\/2016\/06\/tresors-300x221.jpg 300w, http:\/\/masllach.com\/wp-content\/uploads\/2016\/06\/tresors-400x295.jpg 400w, http:\/\/masllach.com\/wp-content\/uploads\/2016\/06\/tresors-600x442.jpg 600w, http:\/\/masllach.com\/wp-content\/uploads\/2016\/06\/tresors-768x566.jpg 768w, http:\/\/masllach.com\/wp-content\/uploads\/2016\/06\/tresors-800x590.jpg 800w, http:\/\/masllach.com\/wp-content\/uploads\/2016\/06\/tresors-1024x755.jpg 1024w, http:\/\/masllach.com\/wp-content\/uploads\/2016\/06\/tresors-1200x885.jpg 1200w, http:\/\/masllach.com\/wp-content\/uploads\/2016\/06\/tresors.jpg 1762w\" sizes=\"(max-width: 406px) 100vw, 406px\" \/><\/a>\u00a0 \u00a0<a href=\"http:\/\/masllach.com\/wp-content\/uploads\/2016\/06\/molsa.jpg\"><img decoding=\"async\" class=\"size-medium wp-image-576 aligncenter\" src=\"http:\/\/masllach.com\/wp-content\/uploads\/2016\/06\/molsa-225x300.jpg\" alt=\"molsa\" width=\"225\" height=\"300\" srcset=\"http:\/\/masllach.com\/wp-content\/uploads\/2016\/06\/molsa-200x267.jpg 200w, http:\/\/masllach.com\/wp-content\/uploads\/2016\/06\/molsa-225x300.jpg 225w, http:\/\/masllach.com\/wp-content\/uploads\/2016\/06\/molsa-400x533.jpg 400w, http:\/\/masllach.com\/wp-content\/uploads\/2016\/06\/molsa-600x800.jpg 600w, http:\/\/masllach.com\/wp-content\/uploads\/2016\/06\/molsa-768x1024.jpg 768w, http:\/\/masllach.com\/wp-content\/uploads\/2016\/06\/molsa-800x1067.jpg 800w, http:\/\/masllach.com\/wp-content\/uploads\/2016\/06\/molsa-1200x1600.jpg 1200w, http:\/\/masllach.com\/wp-content\/uploads\/2016\/06\/molsa.jpg 1704w\" sizes=\"(max-width: 225px) 100vw, 225px\" \/><\/a><\/p>\n<p>St. Pere Despuig (o del puig) apareix des del 964(s.X), i a la fa\u00e7ana principal podem veure-hi m\u00e8nsoles, que \u00e9s una de les peces que m\u00e9s destaquen.<\/p>\n<p><a href=\"http:\/\/masllach.com\/wp-content\/uploads\/2016\/06\/fac\u0327ana.jpg\"><img decoding=\"async\" class=\"alignnone size-medium wp-image-562\" src=\"http:\/\/masllach.com\/wp-content\/uploads\/2016\/06\/fac\u0327ana-225x300.jpg\" alt=\"fac\u0327ana\" width=\"225\" height=\"300\" srcset=\"http:\/\/masllach.com\/wp-content\/uploads\/2016\/06\/fac\u0327ana-200x267.jpg 200w, http:\/\/masllach.com\/wp-content\/uploads\/2016\/06\/fac\u0327ana-225x300.jpg 225w, http:\/\/masllach.com\/wp-content\/uploads\/2016\/06\/fac\u0327ana-400x533.jpg 400w, http:\/\/masllach.com\/wp-content\/uploads\/2016\/06\/fac\u0327ana-600x800.jpg 600w, http:\/\/masllach.com\/wp-content\/uploads\/2016\/06\/fac\u0327ana-768x1024.jpg 768w, http:\/\/masllach.com\/wp-content\/uploads\/2016\/06\/fac\u0327ana-800x1067.jpg 800w, http:\/\/masllach.com\/wp-content\/uploads\/2016\/06\/fac\u0327ana-1200x1600.jpg 1200w, http:\/\/masllach.com\/wp-content\/uploads\/2016\/06\/fac\u0327ana.jpg 1702w\" sizes=\"(max-width: 225px) 100vw, 225px\" \/><\/a>\u00a0\u00a0<a href=\"http:\/\/masllach.com\/wp-content\/uploads\/2016\/06\/Porta.jpg\"><img decoding=\"async\" class=\"alignnone size-medium wp-image-565\" src=\"http:\/\/masllach.com\/wp-content\/uploads\/2016\/06\/Porta-225x300.jpg\" alt=\"Porta\" width=\"225\" height=\"300\" srcset=\"http:\/\/masllach.com\/wp-content\/uploads\/2016\/06\/Porta-200x267.jpg 200w, http:\/\/masllach.com\/wp-content\/uploads\/2016\/06\/Porta-225x300.jpg 225w, http:\/\/masllach.com\/wp-content\/uploads\/2016\/06\/Porta-400x533.jpg 400w, http:\/\/masllach.com\/wp-content\/uploads\/2016\/06\/Porta-600x800.jpg 600w, http:\/\/masllach.com\/wp-content\/uploads\/2016\/06\/Porta-768x1024.jpg 768w, http:\/\/masllach.com\/wp-content\/uploads\/2016\/06\/Porta-800x1067.jpg 800w, http:\/\/masllach.com\/wp-content\/uploads\/2016\/06\/Porta-1200x1600.jpg 1200w, http:\/\/masllach.com\/wp-content\/uploads\/2016\/06\/Porta.jpg 1647w\" sizes=\"(max-width: 225px) 100vw, 225px\" \/><\/a><\/p>\n<p>L&#8217;any 1400 \u00e9s l&#8217;any dels terratr\u00e8mols, i cau una part de la nau i s&#8217;ha de reconstru\u00efr, aqu\u00ed Mas Llach ja ho viu directament, ja que el nostre Mas es menciona des del 1200, som al s.XV i es creu que es reconstrueix tal i com era abans del terratr\u00e8mol.<\/p>\n<p>A l&#8217;altar de St.Pere hi trobem 3 sants: St.Pere (al centre), Sta. Clara (a m\u00e0 dreta nostra) i St.Desideri (a m\u00e0 esquerra); les 3 imatges que tenim actualment no s\u00f3n les originals ja que hem de recordar que al 1936, amb la guerra civil les est\u00e0tues desapareixen o es cremen, i de moment, ning\u00fa en sap el dest\u00ed final que van tenir.<\/p>\n<p><a href=\"http:\/\/masllach.com\/wp-content\/uploads\/2016\/06\/3altar.jpg\"><img decoding=\"async\" class=\"size-medium wp-image-570 aligncenter\" src=\"http:\/\/masllach.com\/wp-content\/uploads\/2016\/06\/3altar-300x217.jpg\" alt=\"3altar\" width=\"300\" height=\"217\" srcset=\"http:\/\/masllach.com\/wp-content\/uploads\/2016\/06\/3altar-200x145.jpg 200w, http:\/\/masllach.com\/wp-content\/uploads\/2016\/06\/3altar-300x217.jpg 300w, http:\/\/masllach.com\/wp-content\/uploads\/2016\/06\/3altar-400x290.jpg 400w, http:\/\/masllach.com\/wp-content\/uploads\/2016\/06\/3altar-600x435.jpg 600w, http:\/\/masllach.com\/wp-content\/uploads\/2016\/06\/3altar-768x556.jpg 768w, http:\/\/masllach.com\/wp-content\/uploads\/2016\/06\/3altar-800x579.jpg 800w, http:\/\/masllach.com\/wp-content\/uploads\/2016\/06\/3altar-1024x742.jpg 1024w, http:\/\/masllach.com\/wp-content\/uploads\/2016\/06\/3altar-1200x869.jpg 1200w\" sizes=\"(max-width: 300px) 100vw, 300px\" \/><\/a><\/p>\n<p>A part d&#8217;aquests sants, tamb\u00e9 en trobem d&#8217;altres com: St.Isidre (a la dreta de l&#8217;entrada), St.Antoni del porquet&#8230;<\/p>\n<p><a href=\"http:\/\/masllach.com\/wp-content\/uploads\/2016\/06\/St.Antoni.jpg\"><img decoding=\"async\" class=\"alignnone size-medium wp-image-568\" src=\"http:\/\/masllach.com\/wp-content\/uploads\/2016\/06\/St.Antoni-213x300.jpg\" alt=\"St.Antoni\" width=\"213\" height=\"300\" srcset=\"http:\/\/masllach.com\/wp-content\/uploads\/2016\/06\/St.Antoni-200x282.jpg 200w, http:\/\/masllach.com\/wp-content\/uploads\/2016\/06\/St.Antoni-213x300.jpg 213w, http:\/\/masllach.com\/wp-content\/uploads\/2016\/06\/St.Antoni-400x564.jpg 400w, http:\/\/masllach.com\/wp-content\/uploads\/2016\/06\/St.Antoni-600x846.jpg 600w, http:\/\/masllach.com\/wp-content\/uploads\/2016\/06\/St.Antoni-726x1024.jpg 726w, http:\/\/masllach.com\/wp-content\/uploads\/2016\/06\/St.Antoni-768x1083.jpg 768w, http:\/\/masllach.com\/wp-content\/uploads\/2016\/06\/St.Antoni-800x1128.jpg 800w, http:\/\/masllach.com\/wp-content\/uploads\/2016\/06\/St.Antoni-1200x1692.jpg 1200w, http:\/\/masllach.com\/wp-content\/uploads\/2016\/06\/St.Antoni.jpg 1699w\" sizes=\"(max-width: 213px) 100vw, 213px\" \/><\/a>\u00a0 \u00a0 \u00a0 \u00a0 \u00a0 \u00a0<a href=\"http:\/\/masllach.com\/wp-content\/uploads\/2016\/06\/St.Isidre.jpg\"><img decoding=\"async\" class=\"alignnone size-medium wp-image-569\" src=\"http:\/\/masllach.com\/wp-content\/uploads\/2016\/06\/St.Isidre-207x300.jpg\" alt=\"St.Isidre\" width=\"207\" height=\"300\" srcset=\"http:\/\/masllach.com\/wp-content\/uploads\/2016\/06\/St.Isidre-200x289.jpg 200w, http:\/\/masllach.com\/wp-content\/uploads\/2016\/06\/St.Isidre-207x300.jpg 207w, http:\/\/masllach.com\/wp-content\/uploads\/2016\/06\/St.Isidre-400x579.jpg 400w, http:\/\/masllach.com\/wp-content\/uploads\/2016\/06\/St.Isidre-600x868.jpg 600w, http:\/\/masllach.com\/wp-content\/uploads\/2016\/06\/St.Isidre-708x1024.jpg 708w, http:\/\/masllach.com\/wp-content\/uploads\/2016\/06\/St.Isidre-768x1111.jpg 768w, http:\/\/masllach.com\/wp-content\/uploads\/2016\/06\/St.Isidre-800x1157.jpg 800w, http:\/\/masllach.com\/wp-content\/uploads\/2016\/06\/St.Isidre-1200x1736.jpg 1200w, http:\/\/masllach.com\/wp-content\/uploads\/2016\/06\/St.Isidre.jpg 1788w\" sizes=\"(max-width: 207px) 100vw, 207px\" \/><\/a><\/p>\n<p>St. Pere tamb\u00e9 t\u00e9 una pica baptismal for\u00e7a grossa, de pedra al\u00e7ada, que encara ara s&#8217;utilitza si es fa alg\u00fan bateig.<\/p>\n<p><a href=\"http:\/\/masllach.com\/wp-content\/uploads\/2016\/06\/pica.jpg\"><img decoding=\"async\" class=\"size-medium wp-image-564 aligncenter\" src=\"http:\/\/masllach.com\/wp-content\/uploads\/2016\/06\/pica-220x300.jpg\" alt=\"pica\" width=\"220\" height=\"300\" srcset=\"http:\/\/masllach.com\/wp-content\/uploads\/2016\/06\/pica-200x273.jpg 200w, http:\/\/masllach.com\/wp-content\/uploads\/2016\/06\/pica-220x300.jpg 220w, http:\/\/masllach.com\/wp-content\/uploads\/2016\/06\/pica-400x546.jpg 400w, http:\/\/masllach.com\/wp-content\/uploads\/2016\/06\/pica-600x819.jpg 600w, http:\/\/masllach.com\/wp-content\/uploads\/2016\/06\/pica-750x1024.jpg 750w, http:\/\/masllach.com\/wp-content\/uploads\/2016\/06\/pica-768x1048.jpg 768w, http:\/\/masllach.com\/wp-content\/uploads\/2016\/06\/pica-800x1092.jpg 800w, http:\/\/masllach.com\/wp-content\/uploads\/2016\/06\/pica-1200x1638.jpg 1200w, http:\/\/masllach.com\/wp-content\/uploads\/2016\/06\/pica.jpg 1559w\" sizes=\"(max-width: 220px) 100vw, 220px\" \/><\/a><\/p>\n<p>St. Pere t\u00e9 dos ales al costat de l&#8217;altar petitones, i la nau, que tamb\u00e9 t\u00e9 un cor al\u00e7at, i des d&#8217;on es pot accedir al campanar (no es pot visitar).<\/p>\n<p><a href=\"http:\/\/masllach.com\/wp-content\/uploads\/2016\/06\/campana.jpg\"><img decoding=\"async\" class=\"size-medium wp-image-561 aligncenter\" src=\"http:\/\/masllach.com\/wp-content\/uploads\/2016\/06\/campana-237x300.jpg\" alt=\"campana\" width=\"237\" height=\"300\" srcset=\"http:\/\/masllach.com\/wp-content\/uploads\/2016\/06\/campana-200x254.jpg 200w, http:\/\/masllach.com\/wp-content\/uploads\/2016\/06\/campana-237x300.jpg 237w, http:\/\/masllach.com\/wp-content\/uploads\/2016\/06\/campana-400x507.jpg 400w, http:\/\/masllach.com\/wp-content\/uploads\/2016\/06\/campana-600x761.jpg 600w, http:\/\/masllach.com\/wp-content\/uploads\/2016\/06\/campana-768x974.jpg 768w, http:\/\/masllach.com\/wp-content\/uploads\/2016\/06\/campana-800x1014.jpg 800w, http:\/\/masllach.com\/wp-content\/uploads\/2016\/06\/campana-808x1024.jpg 808w, http:\/\/masllach.com\/wp-content\/uploads\/2016\/06\/campana-1200x1521.jpg 1200w, http:\/\/masllach.com\/wp-content\/uploads\/2016\/06\/campana.jpg 1819w\" sizes=\"(max-width: 237px) 100vw, 237px\" \/><\/a><\/p>\n<p>Des del cor tamb\u00e9 podem gaudir d&#8217;una vista de la planta de l&#8217;esgl\u00e8sia i del roset\u00f2 de colors vius (si toca el sol) que entra dins l&#8217;esgl\u00e8sia.<\/p>\n<p><a href=\"http:\/\/masllach.com\/wp-content\/uploads\/2016\/06\/Roseto\u03011.jpg\"><img decoding=\"async\" class=\"size-medium wp-image-567 aligncenter\" src=\"http:\/\/masllach.com\/wp-content\/uploads\/2016\/06\/Roseto\u03011-300x225.jpg\" alt=\"Roseto\u03011\" width=\"300\" height=\"225\" srcset=\"http:\/\/masllach.com\/wp-content\/uploads\/2016\/06\/Roseto\u03011-200x150.jpg 200w, http:\/\/masllach.com\/wp-content\/uploads\/2016\/06\/Roseto\u03011-300x225.jpg 300w, http:\/\/masllach.com\/wp-content\/uploads\/2016\/06\/Roseto\u03011-400x300.jpg 400w, http:\/\/masllach.com\/wp-content\/uploads\/2016\/06\/Roseto\u03011-600x450.jpg 600w, http:\/\/masllach.com\/wp-content\/uploads\/2016\/06\/Roseto\u03011-768x576.jpg 768w, http:\/\/masllach.com\/wp-content\/uploads\/2016\/06\/Roseto\u03011-800x600.jpg 800w, http:\/\/masllach.com\/wp-content\/uploads\/2016\/06\/Roseto\u03011-1024x768.jpg 1024w, http:\/\/masllach.com\/wp-content\/uploads\/2016\/06\/Roseto\u03011-1200x900.jpg 1200w\" sizes=\"(max-width: 300px) 100vw, 300px\" \/><\/a><\/p>\n<p>&nbsp;<\/p>\n<p>La rectoria de St.Pere \u00e9s gran, molt gran, i fa uns anys havia sigut utilitzada com a casa de col\u00f2nies, aquest \u00e9s un dels motius pels quals per la zona de Girona, St.Pere Despuig sona m\u00e9s. Actualment est\u00e0 en des\u00fas, i aix\u00f2 queda reflexat en l&#8217;entorn i l&#8217;aspecte de la rectoria.<\/p>\n<p><a href=\"http:\/\/masllach.com\/wp-content\/uploads\/2016\/06\/porta1.jpg\"><img decoding=\"async\" class=\"alignnone size-medium wp-image-566\" src=\"http:\/\/masllach.com\/wp-content\/uploads\/2016\/06\/porta1-222x300.jpg\" alt=\"porta1\" width=\"222\" height=\"300\" srcset=\"http:\/\/masllach.com\/wp-content\/uploads\/2016\/06\/porta1-200x271.jpg 200w, http:\/\/masllach.com\/wp-content\/uploads\/2016\/06\/porta1-222x300.jpg 222w, http:\/\/masllach.com\/wp-content\/uploads\/2016\/06\/porta1-400x541.jpg 400w, http:\/\/masllach.com\/wp-content\/uploads\/2016\/06\/porta1-600x812.jpg 600w, http:\/\/masllach.com\/wp-content\/uploads\/2016\/06\/porta1-757x1024.jpg 757w, http:\/\/masllach.com\/wp-content\/uploads\/2016\/06\/porta1-768x1039.jpg 768w, http:\/\/masllach.com\/wp-content\/uploads\/2016\/06\/porta1-800x1082.jpg 800w, http:\/\/masllach.com\/wp-content\/uploads\/2016\/06\/porta1-1200x1623.jpg 1200w, http:\/\/masllach.com\/wp-content\/uploads\/2016\/06\/porta1.jpg 1865w\" sizes=\"(max-width: 222px) 100vw, 222px\" \/><\/a>\u00a0 \u00a0 \u00a0<a href=\"http:\/\/masllach.com\/wp-content\/uploads\/2016\/06\/llum.jpg\"><img decoding=\"async\" class=\"alignnone size-medium wp-image-563\" src=\"http:\/\/masllach.com\/wp-content\/uploads\/2016\/06\/llum-225x300.jpg\" alt=\"llum\" width=\"225\" height=\"300\" srcset=\"http:\/\/masllach.com\/wp-content\/uploads\/2016\/06\/llum-200x267.jpg 200w, http:\/\/masllach.com\/wp-content\/uploads\/2016\/06\/llum-225x300.jpg 225w, http:\/\/masllach.com\/wp-content\/uploads\/2016\/06\/llum-400x533.jpg 400w, http:\/\/masllach.com\/wp-content\/uploads\/2016\/06\/llum-600x800.jpg 600w, http:\/\/masllach.com\/wp-content\/uploads\/2016\/06\/llum-768x1024.jpg 768w, http:\/\/masllach.com\/wp-content\/uploads\/2016\/06\/llum-800x1067.jpg 800w, http:\/\/masllach.com\/wp-content\/uploads\/2016\/06\/llum-1200x1600.jpg 1200w\" sizes=\"(max-width: 225px) 100vw, 225px\" \/><\/a><\/p>\n<p>Sigui com sigui, l&#8217;esgl\u00e8sia de St.Pere \u00e9s una excursi\u00f3 f\u00e0cil, r\u00e0pida, sencilla, per fer amb o sense mainada, deixar que ens toqui una miqueta l&#8217;aire, i moure les cames mentre descansem de les rutines di\u00e0ries.<\/p>\n<hr \/>\n<p>Es pot arribar amb cotxe fins a l&#8217;esgl\u00e8sia, els cotxets tamb\u00e9 hi arriben b\u00e9.<\/p>\n<p>L&#8217;esgl\u00e8sia sol estar oberta el 3r diumenge de cada mes (ja que s&#8217;hi celebra missa), consultar horaris i dies si interessa veure la part interior de l&#8217;esgl\u00e8sia.<\/p>\n<p>Des de l&#8217;esgl\u00e8sia comen\u00e7a el <a href=\"http:\/\/www.itinerannia.net\/ca\/itineraris\/de-sant-pere-despuig-al-pont-de-la-rovira-passant-pel-moli-d-en-sola\/\">recorregut d&#8217;Itiner\u00e0nia<\/a>: St.Pere Despuig &#8211; El pont de la Rovira.<\/p>\n<hr \/>\n<p>Esperem que aquesta informaci\u00f3 us sigui \u00fatil, i us animi a venir a descobrir tot el que Bianya us pot oferir.<\/p>\n<p>Fins la pr\u00f2xima.<\/p>\n","protected":false},"excerpt":{"rendered":"<p>Sant Pere Despuig \u00e9s l&#8217;esgl\u00e8sia m\u00e9s pr\u00f2xima a casa nostra &#8211; Mas Llach, i per tant, tamb\u00e9 la m\u00e9s especial per a nosaltres; per aix\u00f2 \u00e9s la primera de la que us volem parlar. St. Pere est\u00e0 a 2 minuts a peu des de casa, est\u00e0 al cim d&#8217;un puig (d&#8217;un turonet), i \u00e9s una<\/p>\n","protected":false},"author":2,"featured_media":0,"comment_status":"closed","ping_status":"closed","sticky":false,"template":"","format":"standard","meta":{"footnotes":""},"categories":[23,22,20],"tags":[],"class_list":["post-554","post","type-post","status-publish","format-standard","hentry","category-esglesiesromaniques","category-excursions","category-vall-de-bianya"],"_links":{"self":[{"href":"http:\/\/masllach.com\/index.php?rest_route=\/wp\/v2\/posts\/554","targetHints":{"allow":["GET"]}}],"collection":[{"href":"http:\/\/masllach.com\/index.php?rest_route=\/wp\/v2\/posts"}],"about":[{"href":"http:\/\/masllach.com\/index.php?rest_route=\/wp\/v2\/types\/post"}],"author":[{"embeddable":true,"href":"http:\/\/masllach.com\/index.php?rest_route=\/wp\/v2\/users\/2"}],"replies":[{"embeddable":true,"href":"http:\/\/masllach.com\/index.php?rest_route=%2Fwp%2Fv2%2Fcomments&post=554"}],"version-history":[{"count":10,"href":"http:\/\/masllach.com\/index.php?rest_route=\/wp\/v2\/posts\/554\/revisions"}],"predecessor-version":[{"id":580,"href":"http:\/\/masllach.com\/index.php?rest_route=\/wp\/v2\/posts\/554\/revisions\/580"}],"wp:attachment":[{"href":"http:\/\/masllach.com\/index.php?rest_route=%2Fwp%2Fv2%2Fmedia&parent=554"}],"wp:term":[{"taxonomy":"category","embeddable":true,"href":"http:\/\/masllach.com\/index.php?rest_route=%2Fwp%2Fv2%2Fcategories&post=554"},{"taxonomy":"post_tag","embeddable":true,"href":"http:\/\/masllach.com\/index.php?rest_route=%2Fwp%2Fv2%2Ftags&post=554"}],"curies":[{"name":"wp","href":"https:\/\/api.w.org\/{rel}","templated":true}]}}